{"id":10158,"date":"2019-04-02T15:42:24","date_gmt":"2019-04-02T19:42:24","guid":{"rendered":"https:\/\/www.sansin.com\/?p=10158"},"modified":"2022-01-05T13:39:06","modified_gmt":"2022-01-05T18:39:06","slug":"place-des-canotiers","status":"publish","type":"post","link":"https:\/\/www.sansin.com\/fr\/place-des-canotiers\/","title":{"rendered":"Sansin SDF aide \u00e0 faire revivre l\u2019histoire du quai \u00e0 Qu\u00e9bec"},"content":{"rendered":"\n<div style=\"display: none;\">Avril 2019 \u2013 Commercial &#8212;&#8211;<\/div>\n\n\n\n<figure class=\"wp-block-image\"><img decoding=\"async\" width=\"870\" height=\"626\" src=\"https:\/\/www.sansin.com\/wp-content\/uploads\/POTM-Place-des-Canotiers.jpg\" alt=\"Place des Canotiers\" class=\"wp-image-9340\" srcset=\"https:\/\/www.sansin.com\/wp-content\/uploads\/POTM-Place-des-Canotiers.jpg 870w, https:\/\/www.sansin.com\/wp-content\/uploads\/POTM-Place-des-Canotiers-150x108.jpg 150w, https:\/\/www.sansin.com\/wp-content\/uploads\/POTM-Place-des-Canotiers-300x216.jpg 300w, https:\/\/www.sansin.com\/wp-content\/uploads\/POTM-Place-des-Canotiers-768x553.jpg 768w\" sizes=\"(max-width: 870px) 100vw, 870px\" \/><\/figure>\n\n\n\n<h2 class=\"wp-block-heading\">LA PROTECTION DU BOIS PARFAITEMENT NATURELLE<\/h2>\n\n\n\n<p>Command\u00e9 par le gouvernement du Qu\u00e9bec et con\u00e7u par ABCP Architecture, l\u2019objectif de la Place des Canotiers \u00e9tait de transformer un vaste stationnement en lieu public en cr\u00e9ant une structure de stationnement \u00e0 plusieurs \u00e9tages au pied du Vieux-Qu\u00e9bec, un site du patrimoine mondial de l\u2019UNESCO. Une partie de cette transformation comprend un mur d\u2019artefacts fait avec pr\u00e8s de 13 kilom\u00e8tres de c\u00e8dre rouge de l\u2019ouest, usin\u00e9s avec une pr\u00e9cision de 1 mm, con\u00e7us pour nous rappellez du pass\u00e9 industriel des piliers de quai en bois. Sansin SDF dans un ton de c\u00e8dre a \u00e9t\u00e9 s\u00e9lectionn\u00e9 pour embellir et prot\u00e9ger cette structure impressionnante \u00e0 Qu\u00e9bec.<\/p>\n\n\n\n<div style=\"height:20px\" aria-hidden=\"true\" class=\"wp-block-spacer\"><\/div>\n\n\n\n<h2 class=\"section-heading wp-block-heading\">PRODUITS UTILIS\u00c9S DANS CE PROJET<\/h2>\n\n\n\n<hr class=\"wp-block-separator is-style-default\"\/>\n\n\n\n<div class=\"wp-block-columns is-layout-flex wp-container-core-columns-is-layout-9d6595d7 wp-block-columns-is-layout-flex\">\n<div class=\"wp-block-column is-layout-flow wp-block-column-is-layout-flow\">\n<div class=\"wp-block-image\"><figure class=\"aligncenter size-full is-resized\"><img decoding=\"async\" src=\"https:\/\/www.sansin.com\/wp-content\/uploads\/\/sdf-large-150x150.jpg\" alt=\"SDF\" class=\"wp-image-8507\" width=\"150\" height=\"150\" srcset=\"https:\/\/www.sansin.com\/wp-content\/uploads\/sdf-large-150x150.jpg 150w, https:\/\/www.sansin.com\/wp-content\/uploads\/sdf-large-100x100.jpg 100w, https:\/\/www.sansin.com\/wp-content\/uploads\/sdf-large.jpg 300w\" sizes=\"(max-width: 150px) 100vw, 150px\" \/><\/figure><\/div>\n\n\n\n<p class=\"product-title\">SDF<\/p>\n\n\n\n<div class=\"wp-block-group product-grey-box\"><div class=\"wp-block-group__inner-container is-layout-flow wp-block-group-is-layout-flow\">\n<p class=\"product-headline\">SDF de Sansin : rev\u00eatement p\u00e9n\u00e9trant en une couche pour le bois ext\u00e9rieur.<\/p>\n\n\n\n<p><strong><a href=\"https:\/\/www.sansin.com\/product\/sdf\/\" title=\"SDF\"><strong><a href=\"https:\/\/www.sansin.com\/fr\/produit\/sdf\/\">VOIR LE PRODUIT >><\/a><\/strong><\/a><\/strong><\/p>\n<\/div><\/div>\n<\/div>\n\n\n\n<div class=\"wp-block-column is-layout-flow wp-block-column-is-layout-flow\"><\/div>\n\n\n\n<div class=\"wp-block-column is-layout-flow wp-block-column-is-layout-flow\"><\/div>\n\n\n\n<div class=\"wp-block-column is-layout-flow wp-block-column-is-layout-flow\"><\/div>\n<\/div>\n","protected":false},"excerpt":{"rendered":"<p>Avril 2019 \u2013 Commercial &#8212;&#8211; LA PROTECTION DU BOIS PARFAITEMENT NATURELLE Command\u00e9 par le gouvernement du Qu\u00e9bec et con\u00e7u par ABCP Architecture, l\u2019objectif de la Place des Canotiers \u00e9tait de transformer un vaste stationnement en lieu public en cr\u00e9ant une structure de stationnement \u00e0 plusieurs \u00e9tages au pied du Vieux-Qu\u00e9bec, un site du patrimoine mondial &#8230; <a title=\"Sansin SDF aide \u00e0 faire revivre l\u2019histoire du quai \u00e0 Qu\u00e9bec\" class=\"read-more\" href=\"https:\/\/www.sansin.com\/fr\/place-des-canotiers\/\" aria-label=\"En savoir plus sur Sansin SDF aide \u00e0 faire revivre l\u2019histoire du quai \u00e0 Qu\u00e9bec\">Lire plus<\/a><\/p>\n","protected":false},"author":2,"featured_media":9338,"comment_status":"closed","ping_status":"closed","sticky":false,"template":"","format":"standard","meta":{"footnotes":""},"categories":[86],"tags":[],"class_list":["post-10158","post","type-post","status-publish","format-standard","has-post-thumbnail","hentry","category-projet-du-mois"],"aioseo_notices":[],"_links":{"self":[{"href":"https:\/\/www.sansin.com\/fr\/wp-json\/wp\/v2\/posts\/10158","targetHints":{"allow":["GET"]}}],"collection":[{"href":"https:\/\/www.sansin.com\/fr\/wp-json\/wp\/v2\/posts"}],"about":[{"href":"https:\/\/www.sansin.com\/fr\/wp-json\/wp\/v2\/types\/post"}],"author":[{"embeddable":true,"href":"https:\/\/www.sansin.com\/fr\/wp-json\/wp\/v2\/users\/2"}],"replies":[{"embeddable":true,"href":"https:\/\/www.sansin.com\/fr\/wp-json\/wp\/v2\/comments?post=10158"}],"version-history":[{"count":0,"href":"https:\/\/www.sansin.com\/fr\/wp-json\/wp\/v2\/posts\/10158\/revisions"}],"wp:featuredmedia":[{"embeddable":true,"href":"https:\/\/www.sansin.com\/fr\/wp-json\/wp\/v2\/media\/9338"}],"wp:attachment":[{"href":"https:\/\/www.sansin.com\/fr\/wp-json\/wp\/v2\/media?parent=10158"}],"wp:term":[{"taxonomy":"category","embeddable":true,"href":"https:\/\/www.sansin.com\/fr\/wp-json\/wp\/v2\/categories?post=10158"},{"taxonomy":"post_tag","embeddable":true,"href":"https:\/\/www.sansin.com\/fr\/wp-json\/wp\/v2\/tags?post=10158"}],"curies":[{"name":"wp","href":"https:\/\/api.w.org\/{rel}","templated":true}]}}